{"id":887,"date":"2023-07-13T11:48:46","date_gmt":"2023-07-13T09:48:46","guid":{"rendered":"https:\/\/www.vos-fg.de\/?p=887"},"modified":"2023-04-06T15:31:01","modified_gmt":"2023-04-06T13:31:01","slug":"moderne-schwarze-deckenventilatoren-fuer-ein-stilvolles-zuhause","status":"publish","type":"post","link":"https:\/\/www.vos-fg.de\/index.php\/2023\/07\/13\/moderne-schwarze-deckenventilatoren-fuer-ein-stilvolles-zuhause\/","title":{"rendered":"Moderne schwarze Deckenventilatoren f\u00fcr ein stilvolles Zuhause"},"content":{"rendered":"<h2>Warum moderne schwarze Deckenventilatoren?<\/h2>\n<p>Deckenventilatoren k\u00f6nnen den Raum k\u00fchlen, die Luftzirkulation verbessern und gleichzeitig ein stilvolles Einrichtungselement sein. Moderne schwarze Deckenventilatoren sind eine besonders beliebte Wahl, da sie ein elegant-schlichtes Design haben und leicht in jedes Raumkonzept integriert werden k\u00f6nnen.<\/p>\n<h2>Welche Vorteile haben moderne schwarze Deckenventilatoren?<\/h2>\n<h3>K\u00fchle Luft und Energieersparnis<\/h3>\n<p>Deckenventilatoren sind eine effektive M\u00f6glichkeit, den Raum zu k\u00fchlen. Im Vergleich zu Klimaalagen verbrauchen sie wesentlich weniger Energie und k\u00f6nnen somit auch Kosten sparen. Moderne schwarze Deckenventilatoren sind dabei nicht nur funktional, sondern auch \u00e4sthetisch ansprechend.<\/p>\n<h3>Verbesserte Luftzirkulation<\/h3>\n<p>Deckenventilatoren bewegen die Luft im Raum und reduzieren so die Stauhitze. Dies erh\u00f6ht den Komfort in R\u00e4umen, in denen sich Menschen aufhalten, besonders im Sommer.<\/p>\n<h3>Als Lichtquelle einsetzbar<\/h3>\n<p>Eine weitere praktische Funktion, die viele moderne schwarze Deckenventilatoren besitzen, ist die M\u00f6glichkeit, als Lichtquelle zu dienen. Viele Modelle integrieren LED-Beleuchtung, die dar\u00fcber hinaus auch energiesparend ist.<\/p>\n<h2>Welche Gr\u00f6\u00dfe ist die richtige?<\/h2>\n<p>Die Gr\u00f6\u00dfe des Deckenventilators h\u00e4ngt von der Raumgr\u00f6\u00dfe ab. F\u00fcr kleine R\u00e4ume ist ein Niederprofilsystem von 30-91 cm am besten geeignet. F\u00fcr gr\u00f6\u00dfere R\u00e4ume von 12 bis 100 Quadratmetern sind leistungsst\u00e4rkere Deckenventilatoren von 91-135 cm zu empfehlen.<\/p>\n<h2><\/h2>\n","protected":false},"excerpt":{"rendered":"<p>Warum moderne schwarze Deckenventilatoren? Deckenventilatoren k\u00f6nnen den Raum k\u00fchlen, die Luftzirkulation verbessern und gleichzeitig ein stilvolles Einrichtungselement sein. Moderne schwarze Deckenventilatoren sind eine besonders beliebte Wahl, da sie ein elegant-schlichtes Design haben und leicht&#46;&#46;&#46;<\/p>\n","protected":false},"author":1,"featured_media":2789,"comment_status":"open","ping_status":"open","sticky":false,"template":"","format":"standard","meta":{"footnotes":""},"categories":[8],"tags":[],"class_list":["post-887","post","type-post","status-publish","format-standard","has-post-thumbnail","hentry","category-stuhl"],"_links":{"self":[{"href":"https:\/\/www.vos-fg.de\/index.php\/wp-json\/wp\/v2\/posts\/887","targetHints":{"allow":["GET"]}}],"collection":[{"href":"https:\/\/www.vos-fg.de\/index.php\/wp-json\/wp\/v2\/posts"}],"about":[{"href":"https:\/\/www.vos-fg.de\/index.php\/wp-json\/wp\/v2\/types\/post"}],"author":[{"embeddable":true,"href":"https:\/\/www.vos-fg.de\/index.php\/wp-json\/wp\/v2\/users\/1"}],"replies":[{"embeddable":true,"href":"https:\/\/www.vos-fg.de\/index.php\/wp-json\/wp\/v2\/comments?post=887"}],"version-history":[{"count":1,"href":"https:\/\/www.vos-fg.de\/index.php\/wp-json\/wp\/v2\/posts\/887\/revisions"}],"predecessor-version":[{"id":2837,"href":"https:\/\/www.vos-fg.de\/index.php\/wp-json\/wp\/v2\/posts\/887\/revisions\/2837"}],"wp:featuredmedia":[{"embeddable":true,"href":"https:\/\/www.vos-fg.de\/index.php\/wp-json\/wp\/v2\/media\/2789"}],"wp:attachment":[{"href":"https:\/\/www.vos-fg.de\/index.php\/wp-json\/wp\/v2\/media?parent=887"}],"wp:term":[{"taxonomy":"category","embeddable":true,"href":"https:\/\/www.vos-fg.de\/index.php\/wp-json\/wp\/v2\/categories?post=887"},{"taxonomy":"post_tag","embeddable":true,"href":"https:\/\/www.vos-fg.de\/index.php\/wp-json\/wp\/v2\/tags?post=887"}],"curies":[{"name":"wp","href":"https:\/\/api.w.org\/{rel}","templated":true}]}}