{"id":785,"date":"2023-03-24T08:12:54","date_gmt":"2023-03-24T07:12:54","guid":{"rendered":"https:\/\/www.vos-fg.de\/?p=785"},"modified":"2023-03-10T04:55:29","modified_gmt":"2023-03-10T03:55:29","slug":"stilvolle-wandlampen-fuer-ein-gemuetliches-ambiente-candeeiros-de-parede","status":"publish","type":"post","link":"https:\/\/www.vos-fg.de\/index.php\/2023\/03\/24\/stilvolle-wandlampen-fuer-ein-gemuetliches-ambiente-candeeiros-de-parede\/","title":{"rendered":"Stilvolle Wandlampen f\u00fcr ein gem\u00fctliches Ambiente: Candeeiros de Parede"},"content":{"rendered":"<h2>Einf\u00fchrung<\/h2>\n<p>Wandlampen sind heutzutage nicht mehr nur funktional, sie sind auch ein wichtiger Bestandteil unserer Inneneinrichtung. Besonders beliebt sind hierbei die Candeeiros de Parede, die aus Portugal stammen. Diese Wandlampen zeichnen sich durch ihr stilvolles Design und ihre hohe Qualit\u00e4t aus. In diesem Artikel werden wir uns genauer mit den Candeeiros de Parede besch\u00e4ftigen und herausfinden, warum sie eine gute Wahl f\u00fcr jedes Zuhause sind.<\/p>\n<h2>Geschichte der Candeeiros de Parede<\/h2>\n<p>Die Candeeiros de Parede haben eine interessante Geschichte. Wie der Name schon vermuten l\u00e4sst, wurden sie in Portugal erfunden. Dort waren sie lange Zeit ein fester Bestandteil der portugiesischen Kultur und wurden in vielen Haushalten genutzt. Mit der Zeit verbreiteten sie sich auch au\u00dferhalb Portugals und wurden immer beliebter. Heutzutage sind sie in vielen verschiedenen L\u00e4ndern zu finden.<\/p>\n<h3>Design und Materialien<\/h3>\n<p>Die Candeeiros de Parede zeichnen sich durch ihr stilvolles Design und ihre hochwertigen Materialien aus. Die meisten Leuchten sind aus handgefertigtem Glas oder porzellanartigen Materialien hergestellt und bringen somit ein gewisses Ma\u00df an Eleganz in jeden Raum.<\/p>\n<h3>Komfort und Funktionalit\u00e4t<\/h3>\n<p>Wandlampen sind nicht nur dekorativ, sondern auch funktional. Sie bringen Licht in dunkle Ecken und k\u00f6nnen als Ambiente-Beleuchtung verwendet werden. Candeeiros de Parede bieten hierbei eine besondere Art von Komfort, da sie im Vergleich zu anderen Wandlampen ein weiches und angenehmes Licht ausstrahlen. Sie sind somit ideal f\u00fcr eine gem\u00fctliche Atmosph\u00e4re.<\/p>\n<h2><\/h2>\n","protected":false},"excerpt":{"rendered":"<p>Einf\u00fchrung Wandlampen sind heutzutage nicht mehr nur funktional, sie sind auch ein wichtiger Bestandteil unserer Inneneinrichtung. Besonders beliebt sind hierbei die Candeeiros de Parede, die aus Portugal stammen. Diese Wandlampen zeichnen sich durch ihr&#46;&#46;&#46;<\/p>\n","protected":false},"author":1,"featured_media":1597,"comment_status":"open","ping_status":"open","sticky":false,"template":"","format":"standard","meta":{"footnotes":""},"categories":[8],"tags":[],"class_list":["post-785","post","type-post","status-publish","format-standard","has-post-thumbnail","hentry","category-stuhl"],"_links":{"self":[{"href":"https:\/\/www.vos-fg.de\/index.php\/wp-json\/wp\/v2\/posts\/785","targetHints":{"allow":["GET"]}}],"collection":[{"href":"https:\/\/www.vos-fg.de\/index.php\/wp-json\/wp\/v2\/posts"}],"about":[{"href":"https:\/\/www.vos-fg.de\/index.php\/wp-json\/wp\/v2\/types\/post"}],"author":[{"embeddable":true,"href":"https:\/\/www.vos-fg.de\/index.php\/wp-json\/wp\/v2\/users\/1"}],"replies":[{"embeddable":true,"href":"https:\/\/www.vos-fg.de\/index.php\/wp-json\/wp\/v2\/comments?post=785"}],"version-history":[{"count":1,"href":"https:\/\/www.vos-fg.de\/index.php\/wp-json\/wp\/v2\/posts\/785\/revisions"}],"predecessor-version":[{"id":1658,"href":"https:\/\/www.vos-fg.de\/index.php\/wp-json\/wp\/v2\/posts\/785\/revisions\/1658"}],"wp:featuredmedia":[{"embeddable":true,"href":"https:\/\/www.vos-fg.de\/index.php\/wp-json\/wp\/v2\/media\/1597"}],"wp:attachment":[{"href":"https:\/\/www.vos-fg.de\/index.php\/wp-json\/wp\/v2\/media?parent=785"}],"wp:term":[{"taxonomy":"category","embeddable":true,"href":"https:\/\/www.vos-fg.de\/index.php\/wp-json\/wp\/v2\/categories?post=785"},{"taxonomy":"post_tag","embeddable":true,"href":"https:\/\/www.vos-fg.de\/index.php\/wp-json\/wp\/v2\/tags?post=785"}],"curies":[{"name":"wp","href":"https:\/\/api.w.org\/{rel}","templated":true}]}}