{"id":696,"date":"2023-10-04T05:05:06","date_gmt":"2023-10-04T03:05:06","guid":{"rendered":"https:\/\/www.vos-fg.de\/?p=696"},"modified":"2023-04-27T03:59:31","modified_gmt":"2023-04-27T01:59:31","slug":"die-bedeutung-von-deckenfarben-in-der-raumgestaltung","status":"publish","type":"post","link":"https:\/\/www.vos-fg.de\/index.php\/2023\/10\/04\/die-bedeutung-von-deckenfarben-in-der-raumgestaltung\/","title":{"rendered":"Die Bedeutung von Deckenfarben in der Raumgestaltung"},"content":{"rendered":"<header><\/header>\n<p><main><\/p>\n<section>\n<h2>Einleitung<\/h2>\n<p>Die Farbauswahl ist ein wichtiger Aspekt bei der Gestaltung eines Raumes. Viele Menschen konzentrieren sich jedoch nur auf die Farbe der W\u00e4nde und vernachl\u00e4ssigen die Farbe der Decke. Dabei hat die richtige Deckenfarbe eine gro\u00dfe Wirkung auf den Raum und kann das gesamte Ambiente ver\u00e4ndern.<\/p>\n<\/section>\n<section>\n<h2>Farbwirkung<\/h2>\n<p>Die Farbe der Decke kann die Raumwirkung ma\u00dfgeblich beeinflussen. Eine helle Decke l\u00e4sst den Raum h\u00f6her und gr\u00f6\u00dfer erscheinen, w\u00e4hrend eine dunkle Decke den Raum optisch verkleinert und eine gem\u00fctliche Atmosph\u00e4re schafft. Neutralere Farben wie Wei\u00df oder Beige sind zeitlose Klassiker, die zu vielen Einrichtungsstilen passen und harmonisch wirken.<\/p>\n<\/section>\n<section>\n<h2>Einsatzbereiche<\/h2>\n<p>Je nach Raum und Verwendung k\u00f6nnen verschiedene Deckenfarben sinnvoll sein. In R\u00e4umen mit vielen Fenstern und viel Tageslicht kann eine helle Decke die Helligkeit unterst\u00fctzen und den Raum noch freundlicher machen. In Schlafzimmern hingegen kann eine dunkle Decke f\u00fcr eine gem\u00fctliche und entspannte Atmosph\u00e4re sorgen.<\/p>\n<\/section>\n<p><\/main><\/p>\n","protected":false},"excerpt":{"rendered":"<p>Einleitung Die Farbauswahl ist ein wichtiger Aspekt bei der Gestaltung eines Raumes. Viele Menschen konzentrieren sich jedoch nur auf die Farbe der W\u00e4nde und vernachl\u00e4ssigen die Farbe der Decke. Dabei hat die richtige Deckenfarbe&#46;&#46;&#46;<\/p>\n","protected":false},"author":1,"featured_media":3721,"comment_status":"open","ping_status":"open","sticky":false,"template":"","format":"standard","meta":{"footnotes":""},"categories":[5],"tags":[],"class_list":["post-696","post","type-post","status-publish","format-standard","has-post-thumbnail","hentry","category-kuechenutensilien"],"_links":{"self":[{"href":"https:\/\/www.vos-fg.de\/index.php\/wp-json\/wp\/v2\/posts\/696","targetHints":{"allow":["GET"]}}],"collection":[{"href":"https:\/\/www.vos-fg.de\/index.php\/wp-json\/wp\/v2\/posts"}],"about":[{"href":"https:\/\/www.vos-fg.de\/index.php\/wp-json\/wp\/v2\/types\/post"}],"author":[{"embeddable":true,"href":"https:\/\/www.vos-fg.de\/index.php\/wp-json\/wp\/v2\/users\/1"}],"replies":[{"embeddable":true,"href":"https:\/\/www.vos-fg.de\/index.php\/wp-json\/wp\/v2\/comments?post=696"}],"version-history":[{"count":1,"href":"https:\/\/www.vos-fg.de\/index.php\/wp-json\/wp\/v2\/posts\/696\/revisions"}],"predecessor-version":[{"id":3755,"href":"https:\/\/www.vos-fg.de\/index.php\/wp-json\/wp\/v2\/posts\/696\/revisions\/3755"}],"wp:featuredmedia":[{"embeddable":true,"href":"https:\/\/www.vos-fg.de\/index.php\/wp-json\/wp\/v2\/media\/3721"}],"wp:attachment":[{"href":"https:\/\/www.vos-fg.de\/index.php\/wp-json\/wp\/v2\/media?parent=696"}],"wp:term":[{"taxonomy":"category","embeddable":true,"href":"https:\/\/www.vos-fg.de\/index.php\/wp-json\/wp\/v2\/categories?post=696"},{"taxonomy":"post_tag","embeddable":true,"href":"https:\/\/www.vos-fg.de\/index.php\/wp-json\/wp\/v2\/tags?post=696"}],"curies":[{"name":"wp","href":"https:\/\/api.w.org\/{rel}","templated":true}]}}