{"id":682,"date":"2023-10-27T04:35:51","date_gmt":"2023-10-27T02:35:51","guid":{"rendered":"https:\/\/www.vos-fg.de\/?p=682"},"modified":"2023-04-27T03:45:46","modified_gmt":"2023-04-27T01:45:46","slug":"die-eleganz-der-ferm-living-wandlampe","status":"publish","type":"post","link":"https:\/\/www.vos-fg.de\/index.php\/2023\/10\/27\/die-eleganz-der-ferm-living-wandlampe\/","title":{"rendered":"Die Eleganz der ferm living Wandlampe"},"content":{"rendered":"<h2>Einleitung<\/h2>\n<p>Die ferm living Wandlampe ist ein elegantes St\u00fcck Beleuchtung, das jedes Zimmer aufwertet. Mit ihrem minimalistischen und zugleich ansprechenden Design ist sie eine perfekte Erg\u00e4nzung f\u00fcr moderne Wohnr\u00e4ume. Im Folgenden wird die Besonderheit dieser Lampe genauer betrachtet &#8211; von ihrem Design bis hin zu ihren einzigartigen Materialien und Technologien.<\/p>\n<h2>Das Design<\/h2>\n<p>Das Design der ferm living Wandlampe ist ausgesprochen modern und ansprechend. Die klaren Linien und die minimalistische \u00c4sthetik machen sie zu einer perfekten Erg\u00e4nzung f\u00fcr jedes moderne Zuhause. Die Lampe ist in verschiedenen Farben erh\u00e4ltlich, darunter Schwarz, Grau und Wei\u00df. Die schlichte Eleganz der Lampe l\u00e4sst sie zu einem zeitlosen und dennoch modernen St\u00fcck werden.<\/p>\n<h2>Die Materialien<\/h2>\n<p>Die ferm living Wandlampe besteht aus hochwertigen Materialien. Der Schirm der Lampe besteht aus Metall und ist in einer Vielzahl von Oberfl\u00e4chen erh\u00e4ltlich, die von gl\u00e4nzendem Chrom bis hin zu mattem Schwarz reichen. Die Basis der Lampe ist aus robustem Stahl gefertigt, was eine hohe Stabilit\u00e4t gew\u00e4hrleistet. Die Kombination dieser Materialien sorgt f\u00fcr eine langlebige und robuste Lampe, die ihren Look und ihre Funktionalit\u00e4t im Laufe der Zeit beibeh\u00e4lt.<\/p>\n<h2>Die Technologie<\/h2>\n<p>Die ferm living Wandlampe verwendet energiesparende LED-Technologie, die eine lange Lebensdauer und eine hohe Effizienz bietet. Die LED-Leuchte ist in den Schirm eingebettet, was f\u00fcr ein angenehmes und blendfreies Licht sorgt. Die dimmbare Funktion der Lampe erm\u00f6glicht es Ihnen, die Helligkeit und Intensit\u00e4t des Lichtes Ihren eigenen W\u00fcnschen und Bed\u00fcrfnissen anzupassen.<\/p>\n<h2><\/h2>\n","protected":false},"excerpt":{"rendered":"<p>Einleitung Die ferm living Wandlampe ist ein elegantes St\u00fcck Beleuchtung, das jedes Zimmer aufwertet. Mit ihrem minimalistischen und zugleich ansprechenden Design ist sie eine perfekte Erg\u00e4nzung f\u00fcr moderne Wohnr\u00e4ume. Im Folgenden wird die Besonderheit&#46;&#46;&#46;<\/p>\n","protected":false},"author":1,"featured_media":3537,"comment_status":"open","ping_status":"open","sticky":false,"template":"","format":"standard","meta":{"footnotes":""},"categories":[3],"tags":[],"class_list":["post-682","post","type-post","status-publish","format-standard","has-post-thumbnail","hentry","category-kleidung"],"_links":{"self":[{"href":"https:\/\/www.vos-fg.de\/index.php\/wp-json\/wp\/v2\/posts\/682","targetHints":{"allow":["GET"]}}],"collection":[{"href":"https:\/\/www.vos-fg.de\/index.php\/wp-json\/wp\/v2\/posts"}],"about":[{"href":"https:\/\/www.vos-fg.de\/index.php\/wp-json\/wp\/v2\/types\/post"}],"author":[{"embeddable":true,"href":"https:\/\/www.vos-fg.de\/index.php\/wp-json\/wp\/v2\/users\/1"}],"replies":[{"embeddable":true,"href":"https:\/\/www.vos-fg.de\/index.php\/wp-json\/wp\/v2\/comments?post=682"}],"version-history":[{"count":1,"href":"https:\/\/www.vos-fg.de\/index.php\/wp-json\/wp\/v2\/posts\/682\/revisions"}],"predecessor-version":[{"id":3623,"href":"https:\/\/www.vos-fg.de\/index.php\/wp-json\/wp\/v2\/posts\/682\/revisions\/3623"}],"wp:featuredmedia":[{"embeddable":true,"href":"https:\/\/www.vos-fg.de\/index.php\/wp-json\/wp\/v2\/media\/3537"}],"wp:attachment":[{"href":"https:\/\/www.vos-fg.de\/index.php\/wp-json\/wp\/v2\/media?parent=682"}],"wp:term":[{"taxonomy":"category","embeddable":true,"href":"https:\/\/www.vos-fg.de\/index.php\/wp-json\/wp\/v2\/categories?post=682"},{"taxonomy":"post_tag","embeddable":true,"href":"https:\/\/www.vos-fg.de\/index.php\/wp-json\/wp\/v2\/tags?post=682"}],"curies":[{"name":"wp","href":"https:\/\/api.w.org\/{rel}","templated":true}]}}