{"id":611,"date":"2023-08-05T01:56:41","date_gmt":"2023-08-04T23:56:41","guid":{"rendered":"https:\/\/www.vos-fg.de\/?p=611"},"modified":"2023-04-13T05:37:51","modified_gmt":"2023-04-13T03:37:51","slug":"stilvolles-ambiente-die-zara-nachttischlampe","status":"publish","type":"post","link":"https:\/\/www.vos-fg.de\/index.php\/2023\/08\/05\/stilvolles-ambiente-die-zara-nachttischlampe\/","title":{"rendered":"Stilvolles Ambiente: Die Zara Nachttischlampe"},"content":{"rendered":"<h2>Einleitung<\/h2>\n<p>Die richtige Beleuchtung spielt eine gro\u00dfe Rolle f\u00fcr die Atmosph\u00e4re eines Raumes. Insbesondere im Schlafzimmer ist es wichtig, eine gem\u00fctliche und entspannende Stimmung zu schaffen. Die Zara Nachttischlampe ist hierbei eine hervorragende Wahl, um das gew\u00fcnschte Ambiente zu erreichen. In diesem Artikel werden wir genauer auf die Zara Nachttischlampe eingehen und ihre Vorteile sowie M\u00f6glichkeiten der Verwendung beleuchten.<\/p>\n<h2>Design und Materialien<\/h2>\n<p>Die Zara Nachttischlampe zeichnet sich durch ihr modernes und eleganten Design aus. Sie besteht aus hochwertigen Materialien, wie Glas und Metall, die in ihrer Verarbeitung sehr detailreich sind. Das Schirmdesign ist zylindrisch und wei\u00df, was eine angenehme und beruhigende Beleuchtung erm\u00f6glicht. Das goldene Fu\u00dfgestell ist schlicht und verleiht der Lampe eine edle Note.<\/p>\n<h2>Funktionen und Eigenschaften<\/h2>\n<p>Die Zara Nachttischlampe ist eine kleine aber praktische Lampe, die vielseitig einsetzbar ist. Die Lampe wird \u00fcber einen Schalter an- und ausgeschaltet und kann \u00fcber eine Steckdose mit Strom versorgt werden. Der Schirm kann nach oben und unten gerichtet werden, um das Licht direkt auszurichten. Die Verwendung von Energieeffizienzleuchten macht die Zara Nachttischlampe auch umweltfreundlich.<\/p>\n<h2>M\u00f6glichkeiten der Verwendung<\/h2>\n<p>Die Zara Nachttischlampe ist vielseitig einsetzbar. Das wichtigste Einsatzgebiet ist jedoch als Nachttischlampe. Hier spielt das Design und die Beleuchtung eine wichtige Rolle, um eine angenehme Atmosph\u00e4re zu schaffen. Die Zara Nachttischlampe ist jedoch auch als Dekorationsobjekt sehr gefragt. Durch ihr modernes Design und die hochwertigen Materialien macht sie sich auch tags\u00fcber als Dekoobjekt sehr gut.<\/p>\n","protected":false},"excerpt":{"rendered":"<p>Einleitung Die richtige Beleuchtung spielt eine gro\u00dfe Rolle f\u00fcr die Atmosph\u00e4re eines Raumes. Insbesondere im Schlafzimmer ist es wichtig, eine gem\u00fctliche und entspannende Stimmung zu schaffen. Die Zara Nachttischlampe ist hierbei eine hervorragende Wahl,&#46;&#46;&#46;<\/p>\n","protected":false},"author":1,"featured_media":3119,"comment_status":"open","ping_status":"open","sticky":false,"template":"","format":"standard","meta":{"footnotes":""},"categories":[4],"tags":[],"class_list":["post-611","post","type-post","status-publish","format-standard","has-post-thumbnail","hentry","category-moebel"],"_links":{"self":[{"href":"https:\/\/www.vos-fg.de\/index.php\/wp-json\/wp\/v2\/posts\/611","targetHints":{"allow":["GET"]}}],"collection":[{"href":"https:\/\/www.vos-fg.de\/index.php\/wp-json\/wp\/v2\/posts"}],"about":[{"href":"https:\/\/www.vos-fg.de\/index.php\/wp-json\/wp\/v2\/types\/post"}],"author":[{"embeddable":true,"href":"https:\/\/www.vos-fg.de\/index.php\/wp-json\/wp\/v2\/users\/1"}],"replies":[{"embeddable":true,"href":"https:\/\/www.vos-fg.de\/index.php\/wp-json\/wp\/v2\/comments?post=611"}],"version-history":[{"count":1,"href":"https:\/\/www.vos-fg.de\/index.php\/wp-json\/wp\/v2\/posts\/611\/revisions"}],"predecessor-version":[{"id":3164,"href":"https:\/\/www.vos-fg.de\/index.php\/wp-json\/wp\/v2\/posts\/611\/revisions\/3164"}],"wp:featuredmedia":[{"embeddable":true,"href":"https:\/\/www.vos-fg.de\/index.php\/wp-json\/wp\/v2\/media\/3119"}],"wp:attachment":[{"href":"https:\/\/www.vos-fg.de\/index.php\/wp-json\/wp\/v2\/media?parent=611"}],"wp:term":[{"taxonomy":"category","embeddable":true,"href":"https:\/\/www.vos-fg.de\/index.php\/wp-json\/wp\/v2\/categories?post=611"},{"taxonomy":"post_tag","embeddable":true,"href":"https:\/\/www.vos-fg.de\/index.php\/wp-json\/wp\/v2\/tags?post=611"}],"curies":[{"name":"wp","href":"https:\/\/api.w.org\/{rel}","templated":true}]}}