{"id":468,"date":"2023-11-16T19:35:30","date_gmt":"2023-11-16T18:35:30","guid":{"rendered":"https:\/\/www.vos-fg.de\/?p=468"},"modified":"2023-11-16T19:35:30","modified_gmt":"2023-11-16T18:35:30","slug":"palmas-arbol-der-majestaetische-baum-der-kanarischen-inseln","status":"publish","type":"post","link":"https:\/\/www.vos-fg.de\/index.php\/2023\/11\/16\/palmas-arbol-der-majestaetische-baum-der-kanarischen-inseln\/","title":{"rendered":"Palmas Arbol: Der majest\u00e4tische Baum der Kanarischen Inseln"},"content":{"rendered":"<p><html><br \/>\n<head><br \/>\n<title>Palmas Arbol: Der majest\u00e4tische Baum der Kanarischen Inseln<\/title><br \/>\n<\/head><\/p>\n<p><body><\/p>\n<h2>Einleitung<\/h2>\n<p> Auf den Kanarischen Inseln gibt es viele atemberaubende Landschaften und Orte, aber einer der beeindruckendsten ist der Palmas Arbol, auch bekannt als Kanarischer Drachenbaum. Dieser majest\u00e4tische Baum ist bekannt f\u00fcr seine erstaunliche Sch\u00f6nheit, seine Langlebigkeit und seine wichtige Rolle in der Geschichte und Kultur der Kanarischen Inseln.<\/p>\n<h2>Das Aussehen des Palmas Arbol<\/h2>\n<p> Der Palmas Arbol ist ein immergr\u00fcner Baum, der in der Regel zwischen 10 und 12 Metern hoch wird. Seine graugr\u00fcnen, lanzettenf\u00f6rmigen Bl\u00e4tter bilden einen gro\u00dfen, runden Schirm. Die R\u00e4nder der Bl\u00e4tter sind hart und scharf und k\u00f6nnen eine L\u00e4nge von bis zu einem Meter erreichen. An den Spitzen der Zweige befinden sich Gruppen von leuchtend roten Fr\u00fcchten, die von V\u00f6geln und Eidechsen als Nahrung genutzt werden.<\/p>\n<h3>Die Bedeutung des Palmas Arbol in der Geschichte und Kultur der Kanarischen Inseln<\/h3>\n<p> Der Palmas Arbol ist seit vielen Jahrhunderten ein wichtiger Teil der Kultur und Geschichte der Kanarischen Inseln. Die Guanchen, die Ureinwohner der Inseln, glaubten, dass der Baum eine Art spirituelle Kraft besa\u00df. Sie benutzten ihn f\u00fcr medizinische Zwecke und als Baumaterial f\u00fcr ihre H\u00e4user und Boote. W\u00e4hrend der Eroberung der Kanarischen Inseln durch die Spanier im 15. Jahrhundert spielte der Palmas Arbol eine wichtige Rolle bei der Ern\u00e4hrung und als Schutz vor Witterungseinfl\u00fcssen.<\/p>\n<h3>Die aktuelle Bedrohung des Palmas Arbol<\/h3>\n<p> Obwohl der Palmas Arbol als Symbol der Kanarischen Inseln angesehen wird, ist er heute in Gefahr. Die meisten der alten B\u00e4ume sind bis zu 300 Jahre und \u00e4lter, und sie sterben langsam ab. Ein weiteres Problem ist der Klimawandel, der die Trockenheit und Versauerung des Bodens drastisch erh\u00f6ht hat. Um den Palmas Arbol zu erhalten, gibt es Initiativen auf den Kanarischen Inseln, um den Baum zu sch\u00fctzen und seine Fortpflanzung zu f\u00f6rdern.<\/p>\n<h2>Zusammenfassung<\/h2>\n<p>Der Palmas Arbol ist ein bemerkenswerter Baum, dessen Sch\u00f6nheit und historische Bedeutung die Kanarischen Inseln bereichern. Obwohl seine Zukunft unsicher ist, gibt es Hoffnung und Initiativen zur Erhaltung und Schutz mithilfe von Wissenschaftlern und K\u00fcnstlern. Besucher sollten in der Lage sein, den Palmas Arbol w\u00e4hrend ihrer Reise zu sehen, um seine Pracht und seine Bedeutung aus erster Hand zu erleben.<\/p>\n<p><\/body><br \/>\n<\/html><\/p>\n","protected":false},"excerpt":{"rendered":"<p>Palmas Arbol: Der majest\u00e4tische Baum der Kanarischen Inseln Einleitung Auf den Kanarischen Inseln gibt es viele atemberaubende Landschaften und Orte, aber einer der beeindruckendsten ist der Palmas Arbol, auch bekannt als Kanarischer Drachenbaum. Dieser&#46;&#46;&#46;<\/p>\n","protected":false},"author":1,"featured_media":0,"comment_status":"open","ping_status":"open","sticky":false,"template":"","format":"standard","meta":{"footnotes":""},"categories":[1],"tags":[],"class_list":["post-468","post","type-post","status-publish","format-standard","hentry","category-allgemein"],"_links":{"self":[{"href":"https:\/\/www.vos-fg.de\/index.php\/wp-json\/wp\/v2\/posts\/468","targetHints":{"allow":["GET"]}}],"collection":[{"href":"https:\/\/www.vos-fg.de\/index.php\/wp-json\/wp\/v2\/posts"}],"about":[{"href":"https:\/\/www.vos-fg.de\/index.php\/wp-json\/wp\/v2\/types\/post"}],"author":[{"embeddable":true,"href":"https:\/\/www.vos-fg.de\/index.php\/wp-json\/wp\/v2\/users\/1"}],"replies":[{"embeddable":true,"href":"https:\/\/www.vos-fg.de\/index.php\/wp-json\/wp\/v2\/comments?post=468"}],"version-history":[{"count":0,"href":"https:\/\/www.vos-fg.de\/index.php\/wp-json\/wp\/v2\/posts\/468\/revisions"}],"wp:attachment":[{"href":"https:\/\/www.vos-fg.de\/index.php\/wp-json\/wp\/v2\/media?parent=468"}],"wp:term":[{"taxonomy":"category","embeddable":true,"href":"https:\/\/www.vos-fg.de\/index.php\/wp-json\/wp\/v2\/categories?post=468"},{"taxonomy":"post_tag","embeddable":true,"href":"https:\/\/www.vos-fg.de\/index.php\/wp-json\/wp\/v2\/tags?post=468"}],"curies":[{"name":"wp","href":"https:\/\/api.w.org\/{rel}","templated":true}]}}