{"id":431,"date":"2023-10-22T18:09:25","date_gmt":"2023-10-22T16:09:25","guid":{"rendered":"https:\/\/www.vos-fg.de\/?p=431"},"modified":"2023-04-27T03:47:34","modified_gmt":"2023-04-27T01:47:34","slug":"glasanhaenger-ein-zeitloses-und-elegantes-accessoire-fuer-jeden-raum","status":"publish","type":"post","link":"https:\/\/www.vos-fg.de\/index.php\/2023\/10\/22\/glasanhaenger-ein-zeitloses-und-elegantes-accessoire-fuer-jeden-raum\/","title":{"rendered":"Glasanh\u00e4nger: Ein zeitloses und elegantes Accessoire f\u00fcr jeden Raum"},"content":{"rendered":"<h2>Was ist ein Glasanh\u00e4nger?<\/h2>\n<p>Ein Glasanh\u00e4nger ist ein dekoratives Objekt aus Glas, das an der Decke befestigt wird und Licht in den Raum projiziert. Es kann in verschiedenen Formen, Gr\u00f6\u00dfen und Farben hergestellt werden und f\u00fcgt sich perfekt in jeden Einrichtungsstil ein. Der Glasanh\u00e4nger ist ein zeitloses und elegantes Accessoire, das den Raum optisch aufwertet und eine angenehme Atmosph\u00e4re schafft.<\/p>\n<h2>Welche Vorteile hat ein Glasanh\u00e4nger?<\/h2>\n<p>Ein Glasanh\u00e4nger hat viele Vorteile, darunter:<\/p>\n<ul>\n<li>Eine verbesserte Beleuchtung des Raums.<\/li>\n<li>Eine dekorative Erg\u00e4nzung zu Ihrer Einrichtung.<\/li>\n<li>Vielf\u00e4ltige Farben und Designs zur Auswahl.<\/li>\n<li>Die M\u00f6glichkeit, das Licht zu dimmen, um eine entspannte Atmosph\u00e4re zu schaffen.<\/li>\n<\/ul>\n<h2>Wie w\u00e4hlt man den richtigen Glasanh\u00e4nger aus?<\/h2>\n<p>Bevor Sie sich entscheiden, welchen Glasanh\u00e4nger Sie kaufen m\u00f6chten, sollten Sie einige wichtige Faktoren ber\u00fccksichtigen:<\/p>\n<h3>Stil<\/h3>\n<p>Mit welchem Einrichtungsstil soll der Glasanh\u00e4nger harmonieren? Soll es ein klassisches, modernes, industrielles oder eher ein rustikales Design sein?<\/p>\n<h3>Gr\u00f6\u00dfe<\/h3>\n<p>Wie gro\u00df soll der Glasanh\u00e4nger sein? Muss er zu anderen Lichtquellen im Raum passen, um eine einheitliche Beleuchtung zu schaffen?<\/p>\n<h3>Funktionen<\/h3>\n<p>Bietet der Glasanh\u00e4nger die gew\u00fcnschte Funktionalit\u00e4t und kann er zum Beispiel gedimmt werden?<\/p>\n<h3>Material<\/h3>\n<p>Aus welchem Material ist der Glasanh\u00e4nger hergestellt? Passt es zu anderen Materialien im Raum?<\/p>\n<h2>Wo kann man einen Glasanh\u00e4nger kaufen?<\/h2>\n<p>Glasanh\u00e4nger k\u00f6nnen in Fachgesch\u00e4ften f\u00fcr Beleuchtung oder Dekoration gekauft werden. Es gibt auch Online-Shops, die Glasanh\u00e4nger anbieten. Bevor Sie einen Glasanh\u00e4nger kaufen, sollten Sie jedoch sicherstellen, dass er zu Ihrem Einrichtungsstil und den anderen Lichtquellen in Ihrem Raum passt.<\/p>\n","protected":false},"excerpt":{"rendered":"<p>Was ist ein Glasanh\u00e4nger? Ein Glasanh\u00e4nger ist ein dekoratives Objekt aus Glas, das an der Decke befestigt wird und Licht in den Raum projiziert. Es kann in verschiedenen Formen, Gr\u00f6\u00dfen und Farben hergestellt werden&#46;&#46;&#46;<\/p>\n","protected":false},"author":1,"featured_media":3524,"comment_status":"open","ping_status":"open","sticky":false,"template":"","format":"standard","meta":{"footnotes":""},"categories":[8],"tags":[],"class_list":["post-431","post","type-post","status-publish","format-standard","has-post-thumbnail","hentry","category-stuhl"],"_links":{"self":[{"href":"https:\/\/www.vos-fg.de\/index.php\/wp-json\/wp\/v2\/posts\/431","targetHints":{"allow":["GET"]}}],"collection":[{"href":"https:\/\/www.vos-fg.de\/index.php\/wp-json\/wp\/v2\/posts"}],"about":[{"href":"https:\/\/www.vos-fg.de\/index.php\/wp-json\/wp\/v2\/types\/post"}],"author":[{"embeddable":true,"href":"https:\/\/www.vos-fg.de\/index.php\/wp-json\/wp\/v2\/users\/1"}],"replies":[{"embeddable":true,"href":"https:\/\/www.vos-fg.de\/index.php\/wp-json\/wp\/v2\/comments?post=431"}],"version-history":[{"count":1,"href":"https:\/\/www.vos-fg.de\/index.php\/wp-json\/wp\/v2\/posts\/431\/revisions"}],"predecessor-version":[{"id":3644,"href":"https:\/\/www.vos-fg.de\/index.php\/wp-json\/wp\/v2\/posts\/431\/revisions\/3644"}],"wp:featuredmedia":[{"embeddable":true,"href":"https:\/\/www.vos-fg.de\/index.php\/wp-json\/wp\/v2\/media\/3524"}],"wp:attachment":[{"href":"https:\/\/www.vos-fg.de\/index.php\/wp-json\/wp\/v2\/media?parent=431"}],"wp:term":[{"taxonomy":"category","embeddable":true,"href":"https:\/\/www.vos-fg.de\/index.php\/wp-json\/wp\/v2\/categories?post=431"},{"taxonomy":"post_tag","embeddable":true,"href":"https:\/\/www.vos-fg.de\/index.php\/wp-json\/wp\/v2\/tags?post=431"}],"curies":[{"name":"wp","href":"https:\/\/api.w.org\/{rel}","templated":true}]}}