{"id":1483,"date":"2023-04-09T16:34:22","date_gmt":"2023-04-09T14:34:22","guid":{"rendered":"https:\/\/www.vos-fg.de\/?p=1483"},"modified":"2023-03-15T14:44:01","modified_gmt":"2023-03-15T13:44:01","slug":"kuechenbeleuchtung-die-richtige-beleuchtung-in-der-kueche","status":"publish","type":"post","link":"https:\/\/www.vos-fg.de\/index.php\/2023\/04\/09\/kuechenbeleuchtung-die-richtige-beleuchtung-in-der-kueche\/","title":{"rendered":"K\u00fcchenbeleuchtung \u2013 Die richtige Beleuchtung in der K\u00fcche"},"content":{"rendered":"<h2>Einleitung<\/h2>\n<p>Die K\u00fcche ist der Ort, an dem wir unsere Mahlzeiten zubereiten und genie\u00dfen. Dabei ist es wichtig, dass die Beleuchtung in der K\u00fcche optimal ist, damit man die richtigen Zutaten ausw\u00e4hlt und das Essen gut sehen kann. In diesem Artikel werden wir die verschiedenen Arten von K\u00fcchenbeleuchtung besprechen und wie man die richtige Beleuchtung f\u00fcr seine K\u00fcche w\u00e4hlt.<\/p>\n<h2>Warum ist gute Beleuchtung in der K\u00fcche wichtig?<\/h2>\n<p>Eine gute Beleuchtung in der K\u00fcche hat viele Vorteile. Erstens erm\u00f6glicht sie es uns, die richtigen Zutaten auszuw\u00e4hlen und unser Essen gut zu sehen, was uns dabei hilft, ges\u00fcnder und besser zu kochen. Zweitens verhindert eine gute Beleuchtung in der K\u00fcche Unf\u00e4lle bei der Zubereitung von Speisen und beim Umgang mit K\u00fcchenger\u00e4ten. Drittens tr\u00e4gt eine gute Beleuchtung in der K\u00fcche zur Schaffung einer angenehmen und einladenden Atmosph\u00e4re bei, die dazu beitr\u00e4gt, dass wir uns in unserer K\u00fcche wohl f\u00fchlen.<\/p>\n<h2>Arten von K\u00fcchenbeleuchtung<\/h2>\n<p>Es gibt drei Arten von K\u00fcchenbeleuchtung: Allgemeinbeleuchtung, Arbeitsbeleuchtung und Akzentbeleuchtung.<\/p>\n<h3>Allgemeinbeleuchtung<\/h3>\n<p>Die Allgemeinbeleuchtung ist die Hauptbeleuchtung in der K\u00fcche und dient dazu, den Raum insgesamt zu beleuchten. Sie kann von Deckenlampen, Einbauleuchten oder Pendelleuchten bereitgestellt werden. Die Allgemeinbeleuchtung sollte hell genug sein, um die gesamte K\u00fcche zu beleuchten, aber nicht so hell, dass sie unangenehm wirkt.<\/p>\n<h3>Arbeitsbeleuchtung<\/h3>\n<p>Die Arbeitsbeleuchtung dient dazu, spezifische Arbeitsbereiche in der K\u00fcche zu beleuchten, wie z.B. die Arbeitsfl\u00e4che, den Herd und die Sp\u00fcle. Diese Beleuchtung sollte hell und klar sein, um das Arbeiten in der K\u00fcche zu erleichtern. Arbeitsbeleuchtung kann von Unterbauleuchten, Spots oder Wandlampen bereitgestellt werden.<\/p>\n<h3>Akzentbeleuchtung<\/h3>\n<p>Die Akzentbeleuchtung dient dazu, bestimmte Bereiche in der K\u00fcche hervorzuheben, wie z.B. einen Essbereich oder eine K\u00fccheninsel. Akzentbeleuchtung kann von Tischlampen, Deckenspots oder kleinen Einbauleuchten bereitgestellt werden.<\/p>\n<h2>Wie man die richtige Beleuchtung in der K\u00fcche w\u00e4hlt<\/h2>\n<p>Um die richtige Beleuchtung f\u00fcr Ihre K\u00fcche zu w\u00e4hlen, m\u00fcssen Sie die Gr\u00f6\u00dfe und die Form Ihrer K\u00fcche, sowie die Art der Aktivit\u00e4ten, die in der K\u00fcche stattfinden, ber\u00fccksichtigen. Hier sind einige Tipps, um Ihnen zu helfen:<\/p>\n<h3>Berechnen Sie die Gr\u00f6\u00dfe Ihrer K\u00fcche<\/h3>\n<p>Um herauszufinden, wie viele Leuchten Sie ben\u00f6tigen, um Ihre K\u00fcche zu beleuchten, sollten Sie die Gr\u00f6\u00dfe Ihrer K\u00fcche berechnen. Multiplizieren Sie dazu die L\u00e4nge Ihrer K\u00fcche mit der Breite und wenden Sie die Formel LxB an. Die Anzahl der ben\u00f6tigten Leuchten h\u00e4ngt von der Gr\u00f6\u00dfe Ihrer K\u00fcche und der gew\u00fcnschten Helligkeit ab.<\/p>\n<h3>Ber\u00fccksichtigen Sie die H\u00f6he Ihrer Decke<\/h3>\n<p>Wenn Ihre Deckenh\u00f6he niedrig ist, sollten Sie flache Leuchten wie Einbauleuchten oder Leuchten mit einem d\u00fcnneren Profil verwenden, um Platz zu sparen. Wenn Ihre Deckenh\u00f6he h\u00f6her ist, k\u00f6nnen Sie gr\u00f6\u00dfere Leuchten wie Pendelleuchten oder Deckenlampen verwenden.<\/p>\n<h3>Betrachten Sie Ihre Aktivit\u00e4ten in der K\u00fcche<\/h3>\n<p>Wenn Sie viel kochen und schneiden, ben\u00f6tigen Sie eine helle Arbeitsbeleuchtung in der N\u00e4he Ihrer Arbeitsfl\u00e4che. Wenn Sie einen Essbereich in Ihrer K\u00fcche haben, ben\u00f6tigen Sie eine Akzentbeleuchtung in diesem Bereich, um ihn hervorzuheben.<\/p>\n<h2><\/h2>\n","protected":false},"excerpt":{"rendered":"<p>Einleitung Die K\u00fcche ist der Ort, an dem wir unsere Mahlzeiten zubereiten und genie\u00dfen. Dabei ist es wichtig, dass die Beleuchtung in der K\u00fcche optimal ist, damit man die richtigen Zutaten ausw\u00e4hlt und das&#46;&#46;&#46;<\/p>\n","protected":false},"author":1,"featured_media":1960,"comment_status":"open","ping_status":"open","sticky":false,"template":"","format":"standard","meta":{"footnotes":""},"categories":[4],"tags":[],"class_list":["post-1483","post","type-post","status-publish","format-standard","has-post-thumbnail","hentry","category-moebel"],"_links":{"self":[{"href":"https:\/\/www.vos-fg.de\/index.php\/wp-json\/wp\/v2\/posts\/1483","targetHints":{"allow":["GET"]}}],"collection":[{"href":"https:\/\/www.vos-fg.de\/index.php\/wp-json\/wp\/v2\/posts"}],"about":[{"href":"https:\/\/www.vos-fg.de\/index.php\/wp-json\/wp\/v2\/types\/post"}],"author":[{"embeddable":true,"href":"https:\/\/www.vos-fg.de\/index.php\/wp-json\/wp\/v2\/users\/1"}],"replies":[{"embeddable":true,"href":"https:\/\/www.vos-fg.de\/index.php\/wp-json\/wp\/v2\/comments?post=1483"}],"version-history":[{"count":2,"href":"https:\/\/www.vos-fg.de\/index.php\/wp-json\/wp\/v2\/posts\/1483\/revisions"}],"predecessor-version":[{"id":2011,"href":"https:\/\/www.vos-fg.de\/index.php\/wp-json\/wp\/v2\/posts\/1483\/revisions\/2011"}],"wp:featuredmedia":[{"embeddable":true,"href":"https:\/\/www.vos-fg.de\/index.php\/wp-json\/wp\/v2\/media\/1960"}],"wp:attachment":[{"href":"https:\/\/www.vos-fg.de\/index.php\/wp-json\/wp\/v2\/media?parent=1483"}],"wp:term":[{"taxonomy":"category","embeddable":true,"href":"https:\/\/www.vos-fg.de\/index.php\/wp-json\/wp\/v2\/categories?post=1483"},{"taxonomy":"post_tag","embeddable":true,"href":"https:\/\/www.vos-fg.de\/index.php\/wp-json\/wp\/v2\/tags?post=1483"}],"curies":[{"name":"wp","href":"https:\/\/api.w.org\/{rel}","templated":true}]}}