{"id":1297,"date":"2023-03-24T07:48:43","date_gmt":"2023-03-24T06:48:43","guid":{"rendered":"https:\/\/www.vos-fg.de\/?p=1297"},"modified":"2023-03-10T04:55:45","modified_gmt":"2023-03-10T03:55:45","slug":"panthella-stehlampe-zeitloses-design-mit-moderner-funktionalitaet","status":"publish","type":"post","link":"https:\/\/www.vos-fg.de\/index.php\/2023\/03\/24\/panthella-stehlampe-zeitloses-design-mit-moderner-funktionalitaet\/","title":{"rendered":"Panthella Stehlampe: Zeitloses Design mit moderner Funktionalit\u00e4t"},"content":{"rendered":"<h2>Einleitung<\/h2>\n<p>Die Panthella Stehlampe ist eine ikonische Leuchte, die von dem d\u00e4nischen Designer Verner Panton entworfen wurde. Die Lampe wird seit Jahrzehnten produziert und verkauft und ist aufgrund ihres unverwechselbaren Designs und ihrer zeitlosen \u00c4sthetik zu einem Klassiker geworden. In diesem Artikel werden wir uns genauer mit der Panthella Stehlampe auseinandersetzen und untersuchen, was sie so besonders macht.<\/p>\n<h2>Das Design<\/h2>\n<p>Das Design der Panthella Stehlampe ist von organischen Formen und weichem Licht gepr\u00e4gt. Sie besteht aus einem schlanken Stiel und einem bogenf\u00f6rmigen Diffusor, der eine direkte und indirekte Beleuchtung bietet. Der Diffusor besteht aus Acrylglas und ist in verschiedenen Farben erh\u00e4ltlich, was die Lampe zu einem vielseitigen St\u00fcck macht, das sich in jedes Interieur einf\u00fcgen l\u00e4sst.<\/p>\n<h3>Die Geschichte der Panthella Stehlampe<\/h3>\n<p>Die Panthella Stehlampe wurde 1971 von Verner Panton erstmals entworfen und von der d\u00e4nischen Firma Louis Poulsen produziert. Der Name der Lampe leitet sich von den griechischen W\u00f6rtern &#8222;pan&#8220; und &#8222;thella&#8220; ab, die so viel wie &#8222;alle Farben&#8220; bedeuten. Dieser Name spiegelt die Vielseitigkeit der Lampe wider, die in verschiedenen Farben und Gr\u00f6\u00dfen erh\u00e4ltlich ist.<\/p>\n<h3>Die Funktionalit\u00e4t<\/h3>\n<p>Die Panthella Stehlampe ist nicht nur ein Designobjekt, sondern auch eine funktionale Leuchte. Sie ist mit einem integrierten Dimmer ausgestattet, der es erm\u00f6glicht, die Lichtst\u00e4rke individuell an die jeweilige Situation anzupassen. Das warme, weiche Licht der Lampe schafft eine gem\u00fctliche Atmosph\u00e4re und eignet sich sowohl f\u00fcr den privaten als auch den \u00f6ffentlichen Raum.<\/p>\n","protected":false},"excerpt":{"rendered":"<p>Einleitung Die Panthella Stehlampe ist eine ikonische Leuchte, die von dem d\u00e4nischen Designer Verner Panton entworfen wurde. Die Lampe wird seit Jahrzehnten produziert und verkauft und ist aufgrund ihres unverwechselbaren Designs und ihrer zeitlosen&#46;&#46;&#46;<\/p>\n","protected":false},"author":1,"featured_media":1596,"comment_status":"open","ping_status":"open","sticky":false,"template":"","format":"standard","meta":{"footnotes":""},"categories":[8],"tags":[],"class_list":["post-1297","post","type-post","status-publish","format-standard","has-post-thumbnail","hentry","category-stuhl"],"_links":{"self":[{"href":"https:\/\/www.vos-fg.de\/index.php\/wp-json\/wp\/v2\/posts\/1297","targetHints":{"allow":["GET"]}}],"collection":[{"href":"https:\/\/www.vos-fg.de\/index.php\/wp-json\/wp\/v2\/posts"}],"about":[{"href":"https:\/\/www.vos-fg.de\/index.php\/wp-json\/wp\/v2\/types\/post"}],"author":[{"embeddable":true,"href":"https:\/\/www.vos-fg.de\/index.php\/wp-json\/wp\/v2\/users\/1"}],"replies":[{"embeddable":true,"href":"https:\/\/www.vos-fg.de\/index.php\/wp-json\/wp\/v2\/comments?post=1297"}],"version-history":[{"count":1,"href":"https:\/\/www.vos-fg.de\/index.php\/wp-json\/wp\/v2\/posts\/1297\/revisions"}],"predecessor-version":[{"id":1659,"href":"https:\/\/www.vos-fg.de\/index.php\/wp-json\/wp\/v2\/posts\/1297\/revisions\/1659"}],"wp:featuredmedia":[{"embeddable":true,"href":"https:\/\/www.vos-fg.de\/index.php\/wp-json\/wp\/v2\/media\/1596"}],"wp:attachment":[{"href":"https:\/\/www.vos-fg.de\/index.php\/wp-json\/wp\/v2\/media?parent=1297"}],"wp:term":[{"taxonomy":"category","embeddable":true,"href":"https:\/\/www.vos-fg.de\/index.php\/wp-json\/wp\/v2\/categories?post=1297"},{"taxonomy":"post_tag","embeddable":true,"href":"https:\/\/www.vos-fg.de\/index.php\/wp-json\/wp\/v2\/tags?post=1297"}],"curies":[{"name":"wp","href":"https:\/\/api.w.org\/{rel}","templated":true}]}}