{"id":1150,"date":"2023-06-14T00:54:21","date_gmt":"2023-06-13T22:54:21","guid":{"rendered":"https:\/\/www.vos-fg.de\/?p=1150"},"modified":"2023-03-29T09:40:14","modified_gmt":"2023-03-29T07:40:14","slug":"schwarze-loft-pendelleuchte-eine-zeitgemaesse-beleuchtungsloesung","status":"publish","type":"post","link":"https:\/\/www.vos-fg.de\/index.php\/2023\/06\/14\/schwarze-loft-pendelleuchte-eine-zeitgemaesse-beleuchtungsloesung\/","title":{"rendered":"Schwarze Loft-Pendelleuchte: Eine zeitgem\u00e4\u00dfe Beleuchtungsl\u00f6sung"},"content":{"rendered":"<h2>Was ist eine Loft-Pendelleuchte?<\/h2>\n<p>Die Bezeichnung Loft-Pendelleuchte ist eine moderne Interpretation einer klassischen Pendelleuchte. Sie wurde erstmals in den Innenarchitekturen von Industriegeb\u00e4uden und Loftwohnungen eingesetzt, um eine rustikale, robuste aber auch moderne Atmosph\u00e4re zu schaffen.<\/p>\n<h2>Warum ist die schwarze Loft-Pendelleuchte so beliebt?<\/h2>\n<p>Eine schwarze Loft-Pendelleuchte ist eine zeitgem\u00e4\u00dfe Beleuchtungsl\u00f6sung, die sich in fast jede Einrichtungsstilrichtung einf\u00fcgt. Schwarz ist als Farbe neutral und kann als Kontrast oder cohesive Komponente in einer Inneneinrichtung eingesetzt werden. Die schwarze Farbe ist auch ein wichtiger Bestandteil des Retro-Looks, der in letzter Zeit immer beliebter wird.<\/p>\n<h2>Welche Vorteile hat eine schwarze Loft-Pendelleuchte?<\/h2>\n<p>Neben ihrem modernen Aussehen bietet eine schwarze Loft-Pendelleuchte auch zahlreiche Vorteile. Zum Beispiel:<\/p>\n<ul>\n<li>Sie ist sehr langlebig und robust<\/li>\n<li>Sie l\u00e4sst sich leicht reinigen und pflegen<\/li>\n<li>Sie f\u00fcgt sich in fast jede Inneneinrichtung ein<\/li>\n<li>Sie ist sehr energieeffizient und spart Stromkosten<\/li>\n<\/ul>\n<h2>Wie kann man eine schwarze Loft-Pendelleuchte am besten einsetzen?<\/h2>\n<p>Die Verwendung einer schwarzen Loft-Pendelleuchte h\u00e4ngt von verschiedenen Faktoren ab, wie dem Raum, in dem sie eingesetzt wird, der M\u00f6belstilrichtung und dem gew\u00fcnschten Ambiente. Es gibt jedoch einige bew\u00e4hrte Methoden, um eine schwarze Loft-Pendelleuchte zu verwenden:<\/p>\n<ol>\n<li>Verwendung als Akzentbeleuchtung: Eine schwarze Loft-Pendelleuchte kann als Akzentbeleuchtung verwendet werden, um ein bestimmtes M\u00f6belst\u00fcck oder einen bestimmten Bereich im Raum hervorzuheben.<\/li>\n<li>Aufh\u00e4ngen in Gruppen: Eine Gruppe von schwarzen Loft-Pendelleuchten kann als Hauptlichtquelle in einem Raum verwendet werden, um eine warme, einladende Atmosph\u00e4re zu schaffen.<\/li>\n<li>Verwendung als Desk Light: Eine schwarze Loft-Pendelleuchte kann als Schreibtischleuchte in Arbeitsbereichen, wie z.B. am Schreibtisch, verwendet werden. Aufgrund des direkten Lichtstrahls ist sie die perfekte Beleuchtung f\u00fcr Ihre Aufgaben.<\/li>\n<\/ol>\n<h2><\/h2>\n","protected":false},"excerpt":{"rendered":"<p>Was ist eine Loft-Pendelleuchte? Die Bezeichnung Loft-Pendelleuchte ist eine moderne Interpretation einer klassischen Pendelleuchte. Sie wurde erstmals in den Innenarchitekturen von Industriegeb\u00e4uden und Loftwohnungen eingesetzt, um eine rustikale, robuste aber auch moderne Atmosph\u00e4re zu&#46;&#46;&#46;<\/p>\n","protected":false},"author":1,"featured_media":2493,"comment_status":"open","ping_status":"open","sticky":false,"template":"","format":"standard","meta":{"footnotes":""},"categories":[4],"tags":[],"class_list":["post-1150","post","type-post","status-publish","format-standard","has-post-thumbnail","hentry","category-moebel"],"_links":{"self":[{"href":"https:\/\/www.vos-fg.de\/index.php\/wp-json\/wp\/v2\/posts\/1150","targetHints":{"allow":["GET"]}}],"collection":[{"href":"https:\/\/www.vos-fg.de\/index.php\/wp-json\/wp\/v2\/posts"}],"about":[{"href":"https:\/\/www.vos-fg.de\/index.php\/wp-json\/wp\/v2\/types\/post"}],"author":[{"embeddable":true,"href":"https:\/\/www.vos-fg.de\/index.php\/wp-json\/wp\/v2\/users\/1"}],"replies":[{"embeddable":true,"href":"https:\/\/www.vos-fg.de\/index.php\/wp-json\/wp\/v2\/comments?post=1150"}],"version-history":[{"count":1,"href":"https:\/\/www.vos-fg.de\/index.php\/wp-json\/wp\/v2\/posts\/1150\/revisions"}],"predecessor-version":[{"id":2531,"href":"https:\/\/www.vos-fg.de\/index.php\/wp-json\/wp\/v2\/posts\/1150\/revisions\/2531"}],"wp:featuredmedia":[{"embeddable":true,"href":"https:\/\/www.vos-fg.de\/index.php\/wp-json\/wp\/v2\/media\/2493"}],"wp:attachment":[{"href":"https:\/\/www.vos-fg.de\/index.php\/wp-json\/wp\/v2\/media?parent=1150"}],"wp:term":[{"taxonomy":"category","embeddable":true,"href":"https:\/\/www.vos-fg.de\/index.php\/wp-json\/wp\/v2\/categories?post=1150"},{"taxonomy":"post_tag","embeddable":true,"href":"https:\/\/www.vos-fg.de\/index.php\/wp-json\/wp\/v2\/tags?post=1150"}],"curies":[{"name":"wp","href":"https:\/\/api.w.org\/{rel}","templated":true}]}}