{"id":1016,"date":"2023-07-07T17:46:20","date_gmt":"2023-07-07T15:46:20","guid":{"rendered":"https:\/\/www.vos-fg.de\/?p=1016"},"modified":"2023-04-06T16:03:57","modified_gmt":"2023-04-06T14:03:57","slug":"schwarze-wandleuchte-mit-steckdosenanschluss","status":"publish","type":"post","link":"https:\/\/www.vos-fg.de\/index.php\/2023\/07\/07\/schwarze-wandleuchte-mit-steckdosenanschluss\/","title":{"rendered":"Schwarze Wandleuchte mit Steckdosenanschluss"},"content":{"rendered":"<h2>Einleitung<\/h2>\n<p>In jedem Haushalt gibt es Ecken und W\u00e4nde, die nicht ausreichend beleuchtet sind oder keine Steckdosen in der N\u00e4he haben. Hier kommt die schwarze Wandleuchte mit Steckdosenanschluss ins Spiel. Mit ihrem eleganten Design und praktischen Funktionen ist sie die ideale L\u00f6sung f\u00fcr jedes Zuhause.<\/p>\n<h2>Das Design<\/h2>\n<p>Schwarz ist eine zeitlose, elegante Farbe, die in jedem Interieur hervorsticht. Die schwarze Wandleuchte mit Steckdosenanschluss verf\u00fcgt \u00fcber ein schlankes und modernes Design, das jedem Raum ein Hauch von Klasse verleiht. Ihre schwarze Oberfl\u00e4che ist gl\u00e4nzend und gleichzeitig widerstandsf\u00e4hig gegen Kratzer und Abnutzung. Mit ihrer kompakten Gr\u00f6\u00dfe und schlanken Form macht sie jeden Raum gr\u00f6\u00dfer und bietet zus\u00e4tzlichen Platz f\u00fcr andere Einrichtungsgegenst\u00e4nde.<\/p>\n<h2>Die Funktionen<\/h2>\n<p>Die Wandleuchte verf\u00fcgt \u00fcber einen Steckdosenanschluss, der sicherstellt, dass auch mehrere Ger\u00e4te angeschlossen werden k\u00f6nnen. Dadurch kann sie als Stromquelle f\u00fcr Elektroger\u00e4te wie Handys, Tablets oder Laptops genutzt werden. Au\u00dferdem verf\u00fcgt sie \u00fcber einen Ein- und Ausschalter, mit dem man die Leuchte bequem steuern kann. Die schwarze Wandleuchte mit Steckdosenanschluss ist auch in der H\u00f6he verstellbar, um das Licht genau dorthin zu lenken, wo es ben\u00f6tigt wird. Dies macht sie zur perfekten L\u00f6sung f\u00fcr Leseecken und Arbeitsbereiche.<\/p>\n<h2>Die Vorteile<\/h2>\n<p>Die schwarze Wandleuchte mit Steckdosenanschluss im Vergleich zu herk\u00f6mmlichen Lampen oder Wandsteckdosen bietet viele Vorteile. Zum einen spart sie Platz, da es keine Notwendigkeit mehr gibt, zwei separate Einrichtungsgegenst\u00e4nde zu haben. Damit ist sie besonders geeignet f\u00fcr kleine R\u00e4ume wie Wohnungen, Studentenappartements oder Schlafzimmer. Zum anderen ist sie ein echter Hingucker und eine stilvolle Erg\u00e4nzung zu jedem Einrichtungsstil. Durch ihren Steckdosenanschluss ist sie auch sehr praktisch und vielseitig einsetzbar.<\/p>\n<h2><\/h2>\n","protected":false},"excerpt":{"rendered":"<p>Einleitung In jedem Haushalt gibt es Ecken und W\u00e4nde, die nicht ausreichend beleuchtet sind oder keine Steckdosen in der N\u00e4he haben. Hier kommt die schwarze Wandleuchte mit Steckdosenanschluss ins Spiel. Mit ihrem eleganten Design&#46;&#46;&#46;<\/p>\n","protected":false},"author":1,"featured_media":2870,"comment_status":"open","ping_status":"open","sticky":false,"template":"","format":"standard","meta":{"footnotes":""},"categories":[4],"tags":[],"class_list":["post-1016","post","type-post","status-publish","format-standard","has-post-thumbnail","hentry","category-moebel"],"_links":{"self":[{"href":"https:\/\/www.vos-fg.de\/index.php\/wp-json\/wp\/v2\/posts\/1016","targetHints":{"allow":["GET"]}}],"collection":[{"href":"https:\/\/www.vos-fg.de\/index.php\/wp-json\/wp\/v2\/posts"}],"about":[{"href":"https:\/\/www.vos-fg.de\/index.php\/wp-json\/wp\/v2\/types\/post"}],"author":[{"embeddable":true,"href":"https:\/\/www.vos-fg.de\/index.php\/wp-json\/wp\/v2\/users\/1"}],"replies":[{"embeddable":true,"href":"https:\/\/www.vos-fg.de\/index.php\/wp-json\/wp\/v2\/comments?post=1016"}],"version-history":[{"count":1,"href":"https:\/\/www.vos-fg.de\/index.php\/wp-json\/wp\/v2\/posts\/1016\/revisions"}],"predecessor-version":[{"id":2907,"href":"https:\/\/www.vos-fg.de\/index.php\/wp-json\/wp\/v2\/posts\/1016\/revisions\/2907"}],"wp:featuredmedia":[{"embeddable":true,"href":"https:\/\/www.vos-fg.de\/index.php\/wp-json\/wp\/v2\/media\/2870"}],"wp:attachment":[{"href":"https:\/\/www.vos-fg.de\/index.php\/wp-json\/wp\/v2\/media?parent=1016"}],"wp:term":[{"taxonomy":"category","embeddable":true,"href":"https:\/\/www.vos-fg.de\/index.php\/wp-json\/wp\/v2\/categories?post=1016"},{"taxonomy":"post_tag","embeddable":true,"href":"https:\/\/www.vos-fg.de\/index.php\/wp-json\/wp\/v2\/tags?post=1016"}],"curies":[{"name":"wp","href":"https:\/\/api.w.org\/{rel}","templated":true}]}}